{"id":3861,"date":"2016-04-30T00:07:50","date_gmt":"2016-04-29T22:07:50","guid":{"rendered":"https:\/\/www.vodnaagencija.org\/hr\/?p=3861"},"modified":"2016-04-30T00:10:05","modified_gmt":"2016-04-29T22:10:05","slug":"dv-tratincica-prvi-vrtic-u-hrvatskoj-koji-pazi-na-potrosnju-vode","status":"publish","type":"post","link":"https:\/\/vodnaagencija.org\/hr\/dv-tratincica-prvi-vrtic-u-hrvatskoj-koji-pazi-na-potrosnju-vode\/","title":{"rendered":"DV Tratin\u010dica prvi vrti\u0107 u Hrvatskoj koji pazi na potro\u0161nju vode"},"content":{"rendered":"<p style=\"text-align: justify;\">Nakon svih koprivni\u010dkih osnovnih \u0161kola, me\u0111unarodnom projektu Vodni agent priklju\u010dio se i Dje\u010dji vrti\u0107 \u201cTratin\u010dica\u201d.<\/p>\n<p style=\"text-align: justify;\">Na\u0161 najve\u0107i vrti\u0107 prvi je u Hrvatskoj koji se uklju\u010dio u projekt, u sklopu kojeg \u0107e vrti\u0107arci u svakom trenutku mo\u0107i pratiti koliko vode potro\u0161e na slavinama tijekom dana, tjedna ili mjeseca.<\/p>\n<p style=\"text-align: justify;\">\u2013\u00a0Jako nam je va\u017eno, s obzirom da smo veliki potro\u0161a\u010d vode i elektri\u010dne energije, da djecu u tom smjeru ekolo\u0161ki osvijestimo. Znamo da djeca imaju niz aktivnosti u toku dana, da je pranje ruku jedna neizostavna aktivnost koju rade nekoliko desetaka puta dnevno, tako da nam je izuzetno va\u017eno \u0161tedjeti tu vodu \u2013 rekla je na dana\u0161njem sve\u010danom preuzimanju Vodnog agenta ravnateljica vrti\u0107a,\u00a0<strong>Slavica Mihalec-Kani\u017eaj<\/strong>.<\/p>\n<p style=\"text-align: justify;\">Inicijator projekta u lokalnoj zajednici je Uzor Hrvatske, \u010diji je predsjednik <strong>Matija Hlebar<\/strong>\u00a0istaknuo\u00a0da se projekt provodi zbog djece i da su ona najva\u017enija\u00a0u ovome. \u2013 Djeca mogu konkretno, u svakom trenutku vidjeti koliko vode potro\u0161e i na taj na\u010din osvje\u0161tavanju utjecaj na potro\u0161nju vode i na odgovoran odnos prema vodi. Iznimno sam sretan radi djece, jer na kraju krajeva sve ovo radimo radi njih \u2013 rekao je.<\/p>\n<p style=\"text-align: justify;\">Kori\u0161tenjem Vodnog agenta, odnosno mjera\u010da potro\u0161nje vode mogu\u0107a je u\u0161teda vode do 40 %, a nakon ovog koprivni\u010dkog vrti\u0107a\u00a0iz Uzora vjeruju da \u0107e se Vodnom agentu\u00a0priklju\u010diti i ostali dje\u010dji vrti\u0107i, kako s podru\u010dja grada, tako i iz \u017eupanije.<\/p>\n<p style=\"text-align: justify;\">Prigodan program\u00a0sve\u010danog preuzimanja Vodnih agenata pripremili su, uz pomo\u0107 svojih teta, djeca vrti\u0107ke skupine Bubamara.<\/p>\n<p style=\"text-align: justify;\">\u00a0Op\u0161irnije na:<\/p>\n<p><a href=\"http:\/\/drava-info.hr\/2016\/04\/foto-dv-tratincica-prvi-vrtic-u-hrvatskoj-koji-pazi-na-potrosnju-vode\/\" target=\"_blank\">http:\/\/drava-info.hr\/2016\/04\/foto-dv-tratincica-prvi-vrtic-u-hrvatskoj-koji-pazi-na-potrosnju-vode\/<\/a><\/p>\n<p><a href=\"http:\/\/koprivnica.hr\/novosti\/vodni-agent-stigao-i-u-dv-tratincica\/\" target=\"_blank\">http:\/\/koprivnica.hr\/novosti\/vodni-agent-stigao-i-u-dv-tratincica\/<\/a><\/p>\n<p><a href=\"http:\/\/epodravina.hr\/prvi-hrvatskoj-koriste-vodne-agente-paze-potrosnju-vode\/\" target=\"_blank\">http:\/\/epodravina.hr\/prvi-hrvatskoj-koriste-vodne-agente-paze-potrosnju-vode\/<\/a><\/p>\n","protected":false},"excerpt":{"rendered":"<p>Nakon svih koprivni\u010dkih osnovnih \u0161kola, me\u0111unarodnom projektu Vodni agent priklju\u010dio se i Dje\u010dji vrti\u0107 \u201cTratin\u010dica\u201d. Na\u0161 najve\u0107i vrti\u0107 prvi je u Hrvatskoj koji se uklju\u010dio u projekt, u sklopu kojeg \u0107e vrti\u0107arci u svakom trenutku mo\u0107i pratiti koliko vode potro\u0161e na slavinama tijekom dana, tjedna ili mjeseca. \u2013\u00a0Jako nam je va\u017eno, s obzirom da smo [&hellip;]<\/p>\n","protected":false},"author":4,"featured_media":3862,"comment_status":"open","ping_status":"closed","sticky":false,"template":"","format":"standard","meta":{"_et_pb_use_builder":"","_et_pb_old_content":"","_et_gb_content_width":"","_links_to":"","_links_to_target":""},"categories":[28],"tags":[],"_links":{"self":[{"href":"https:\/\/vodnaagencija.org\/hr\/wp-json\/wp\/v2\/posts\/3861\/"}],"collection":[{"href":"https:\/\/vodnaagencija.org\/hr\/wp-json\/wp\/v2\/posts\/"}],"about":[{"href":"https:\/\/vodnaagencija.org\/hr\/wp-json\/wp\/v2\/types\/post\/"}],"author":[{"embeddable":true,"href":"https:\/\/vodnaagencija.org\/hr\/wp-json\/wp\/v2\/users\/4\/"}],"replies":[{"embeddable":true,"href":"https:\/\/vodnaagencija.org\/hr\/wp-json\/wp\/v2\/comments\/?post=3861"}],"version-history":[{"count":3,"href":"https:\/\/vodnaagencija.org\/hr\/wp-json\/wp\/v2\/posts\/3861\/revisions\/"}],"predecessor-version":[{"id":3875,"href":"https:\/\/vodnaagencija.org\/hr\/wp-json\/wp\/v2\/posts\/3861\/revisions\/3875\/"}],"wp:featuredmedia":[{"embeddable":true,"href":"https:\/\/vodnaagencija.org\/hr\/wp-json\/wp\/v2\/media\/3862\/"}],"wp:attachment":[{"href":"https:\/\/vodnaagencija.org\/hr\/wp-json\/wp\/v2\/media\/?parent=3861"}],"wp:term":[{"taxonomy":"category","embeddable":true,"href":"https:\/\/vodnaagencija.org\/hr\/wp-json\/wp\/v2\/categories\/?post=3861"},{"taxonomy":"post_tag","embeddable":true,"href":"https:\/\/vodnaagencija.org\/hr\/wp-json\/wp\/v2\/tags\/?post=3861"}],"curies":[{"name":"wp","href":"https:\/\/api.w.org\/{rel}","templated":true}]}}